{"id":4311,"date":"2025-01-24T11:58:12","date_gmt":"2025-01-24T11:58:12","guid":{"rendered":"https:\/\/www.cdthader.com\/mvp-matchday-29-mena\/"},"modified":"2025-08-26T19:09:09","modified_gmt":"2025-08-26T19:09:09","slug":"mvp-matchday-29-mena","status":"publish","type":"post","link":"https:\/\/www.cdthader.com\/en\/mvp-matchday-29-mena\/","title":{"rendered":"MVP Matchday 29 | Mena"},"content":{"rendered":"<section class=\"l-section wpb_row height_medium full_height valign_center width_full with_img\"><div class=\"l-section-img\" role=\"img\" aria-label=\"Image\" data-img-width=\"1080\" data-img-height=\"1350\" style=\"background-image: url(https:\/\/www.cdthader.com\/wp-content\/uploads\/2025\/01\/publicacion-feeds-videos9.jpg);background-repeat: no-repeat;\"><\/div><div class=\"l-section-overlay\" style=\"background:rgba(0,0,0,0.40)\"><\/div><div class=\"l-section-h i-cf\"><div class=\"g-cols vc_row via_grid cols_1 laptops-cols_inherit tablets-cols_inherit mobiles-cols_1 valign_top type_default stacking_default\"><div class=\"wpb_column vc_column_container\"><div class=\"vc_column-inner\"><h1 class=\"w-post-elm post_title us_custom_6df4bc3a has_text_color align_center entry-title color_link_inherit\">MVP Matchday 29 | Mena<\/h1><\/div><\/div><\/div><\/div><\/section><section class=\"l-section wpb_row height_medium\"><div class=\"l-section-h i-cf\"><div class=\"g-cols vc_row via_grid cols_1 laptops-cols_inherit tablets-cols_inherit mobiles-cols_1 valign_top type_default stacking_default\"><div class=\"wpb_column vc_column_container\"><div class=\"vc_column-inner\"><div class=\"g-cols wpb_row via_grid cols_2 laptops-cols_inherit tablets-cols_inherit mobiles-cols_1 valign_top type_default stacking_default\" style=\"--columns-gap:3rem;\"><div class=\"wpb_column vc_column_container\"><div class=\"vc_column-inner\"><div class=\"wpb_text_column\"><div class=\"wpb_wrapper\"><p style=\"text-align: justify;\"><!--more-->DAVID MENARGUEZ, NEW PLAYER FOR CD THADER<\/p>\n<p style=\"text-align: justify;\">The player from Crevillente joins our project after training with the group for a few weeks. Last season he played for US Albenga in the Italian Serie D. He came through the youth systems of Elche CF and Kelme CF, playing his last year as a youth player in the Divisi\u00f3n de Honor for CF La Nuc\u00eda. He played his first year as a senior player for CD Almorad\u00ed before moving to Italian football.<\/p>\n<p style=\"text-align: justify;\">Left-footed player with great technical ability who can play in any attacking position.<\/p>\n<p style=\"text-align: justify;\">Welcome to your new home!<\/p>\n<\/div><\/div><\/div><\/div><div class=\"wpb_column vc_column_container\"><div class=\"vc_column-inner\"><div class=\"w-post-elm post_image stretched\"><a ref=\"magnificPopup\" href=\"https:\/\/www.cdthader.com\/wp-content\/uploads\/2025\/08\/marcador-pagina-web-imagenes.png\" aria-label=\"MVP Matchday 29 | Mena\"><img loading=\"lazy\" decoding=\"async\" width=\"819\" height=\"1024\" src=\"https:\/\/www.cdthader.com\/wp-content\/uploads\/2025\/01\/publicacion-feeds-videos9-819x1024.jpg\" class=\"attachment-large size-large wp-post-image\" alt=\"\" srcset=\"https:\/\/www.cdthader.com\/wp-content\/uploads\/2025\/01\/publicacion-feeds-videos9-819x1024.jpg 819w, https:\/\/www.cdthader.com\/wp-content\/uploads\/2025\/01\/publicacion-feeds-videos9-240x300.jpg 240w, https:\/\/www.cdthader.com\/wp-content\/uploads\/2025\/01\/publicacion-feeds-videos9-310x388.jpg 310w, https:\/\/www.cdthader.com\/wp-content\/uploads\/2025\/01\/publicacion-feeds-videos9-600x750.jpg 600w, https:\/\/www.cdthader.com\/wp-content\/uploads\/2025\/01\/publicacion-feeds-videos9.jpg 1080w\" sizes=\"auto, (max-width: 819px) 100vw, 819px\" \/><\/a><\/div><\/div><\/div><\/div><div class=\"w-separator size_medium\"><\/div><div class=\"g-cols wpb_row via_grid cols_3 laptops-cols_inherit tablets-cols_inherit mobiles-cols_1 valign_top type_default stacking_default\" style=\"--columns-gap:3rem;\"><div class=\"wpb_column vc_column_container\"><div class=\"vc_column-inner\"><\/div><\/div><div class=\"wpb_column vc_column_container\"><div class=\"vc_column-inner\"><div class=\"w-sharing us_custom_b4198c51 type_simple align_center color_default\"><div class=\"w-sharing-list\"><a class=\"w-sharing-item email\" href=\"mailto:?subject=MVP Matchday 29 | Mena&amp;body=https:\/\/www.cdthader.com\/en\/wp-json\/wp\/v2\/posts\/4311\" title=\"Email this\" aria-label=\"Email this\"><i class=\"fas fa-envelope\"><\/i><\/a><a class=\"w-sharing-item facebook\" href=\"https:\/\/www.facebook.com\/sharer\/sharer.php?u=https:\/\/www.cdthader.com\/en\/wp-json\/wp\/v2\/posts\/4311&amp;quote=MVP Matchday 29 | Mena\" title=\"Share this\" aria-label=\"Share this\" onclick=\"window.open(this.href, &quot;facebook&quot;, &quot;toolbar=0,width=900,height=500&quot;); return false;\"><i class=\"fab fa-facebook\"><\/i><\/a><a class=\"w-sharing-item twitter\" href=\"https:\/\/twitter.com\/intent\/tweet?text=MVP Matchday 29 | Mena&amp;url=https:\/\/www.cdthader.com\/en\/wp-json\/wp\/v2\/posts\/4311\" title=\"Share this\" aria-label=\"Share this\" onclick=\"window.open(this.href, &quot;twitter&quot;, &quot;toolbar=0,width=650,height=360&quot;); return false;\"><i class=\"fab fa-x-twitter\"><svg style=\"width:1em; margin-bottom:-.1em;\" xmlns=\"http:\/\/www.w3.org\/2000\/svg\" viewBox=\"0 0 512 512\" role=\"presentation\"><path fill=\"currentColor\" d=\"M389.2 48h70.6L305.6 224.2 487 464H345L233.7 318.6 106.5 464H35.8L200.7 275.5 26.8 48H172.4L272.9 180.9 389.2 48zM364.4 421.8h39.1L151.1 88h-42L364.4 421.8z\"\/><\/svg><\/i><\/a><a class=\"w-sharing-item whatsapp\" href=\"https:\/\/web.whatsapp.com\/send?text=MVP Matchday 29 | Mena https:\/\/www.cdthader.com\/en\/wp-json\/wp\/v2\/posts\/4311\" title=\"Share this\" aria-label=\"Share this\" onclick=\"window.open(this.href, &quot;whatsapp&quot;, &quot;toolbar=0,width=900,height=500&quot;); return false;\"><i class=\"fab fa-whatsapp\"><\/i><\/a><a class=\"w-sharing-item telegram\" href=\"https:\/\/t.me\/share\/url?url=https:\/\/www.cdthader.com\/en\/wp-json\/wp\/v2\/posts\/4311&amp;text=MVP Matchday 29 | Mena\" title=\"Share this\" aria-label=\"Share this\" onclick=\"window.open(this.href, &quot;telegram&quot;, &quot;toolbar=no,width=600,height=450&quot;); return false;\"><i class=\"fab fa-telegram\"><\/i><\/a><\/div><\/div><\/div><\/div><div class=\"wpb_column vc_column_container\"><div class=\"vc_column-inner\"><\/div><\/div><\/div><\/div><\/div><\/div><\/div><\/section>\n","protected":false},"excerpt":{"rendered":"MVP Matchday 29 | MenaDAVID MENARGUEZ, NEW PLAYER FOR CD THADER The player from Crevillente joins our project after training with the group for a few weeks. Last season he played for US Albenga in the Italian Serie D. He came through the youth systems of Elche CF and Kelme CF, playing his last year...","protected":false},"author":1,"featured_media":2946,"comment_status":"closed","ping_status":"closed","sticky":false,"template":"","format":"standard","meta":{"_acf_changed":false,"footnotes":""},"categories":[115],"tags":[],"class_list":["post-4311","post","type-post","status-publish","format-standard","has-post-thumbnail","hentry","category-lliga-comunitat-en"],"acf":[],"_links":{"self":[{"href":"https:\/\/www.cdthader.com\/en\/wp-json\/wp\/v2\/posts\/4311","targetHints":{"allow":["GET"]}}],"collection":[{"href":"https:\/\/www.cdthader.com\/en\/wp-json\/wp\/v2\/posts"}],"about":[{"href":"https:\/\/www.cdthader.com\/en\/wp-json\/wp\/v2\/types\/post"}],"author":[{"embeddable":true,"href":"https:\/\/www.cdthader.com\/en\/wp-json\/wp\/v2\/users\/1"}],"replies":[{"embeddable":true,"href":"https:\/\/www.cdthader.com\/en\/wp-json\/wp\/v2\/comments?post=4311"}],"version-history":[{"count":4,"href":"https:\/\/www.cdthader.com\/en\/wp-json\/wp\/v2\/posts\/4311\/revisions"}],"predecessor-version":[{"id":4316,"href":"https:\/\/www.cdthader.com\/en\/wp-json\/wp\/v2\/posts\/4311\/revisions\/4316"}],"wp:featuredmedia":[{"embeddable":true,"href":"https:\/\/www.cdthader.com\/en\/wp-json\/wp\/v2\/media\/2946"}],"wp:attachment":[{"href":"https:\/\/www.cdthader.com\/en\/wp-json\/wp\/v2\/media?parent=4311"}],"wp:term":[{"taxonomy":"category","embeddable":true,"href":"https:\/\/www.cdthader.com\/en\/wp-json\/wp\/v2\/categories?post=4311"},{"taxonomy":"post_tag","embeddable":true,"href":"https:\/\/www.cdthader.com\/en\/wp-json\/wp\/v2\/tags?post=4311"}],"curies":[{"name":"wp","href":"https:\/\/api.w.org\/{rel}","templated":true}]}}